{"id":872,"date":"2024-03-15T22:02:24","date_gmt":"2024-03-15T21:02:24","guid":{"rendered":"https:\/\/coree-a-toulouse.com\/?p=872"},"modified":"2025-10-05T21:24:49","modified_gmt":"2025-10-05T19:24:49","slug":"festival-du-cinema-2024","status":"publish","type":"post","link":"https:\/\/coree-a-toulouse.com\/index.php\/2024\/03\/15\/festival-du-cinema-2024\/","title":{"rendered":"Festival du Cin\u00e9ma 2024"},"content":{"rendered":"<p><img fetchpriority=\"high\" decoding=\"async\" width=\"950\" height=\"320\" src=\"http:\/\/coree-a-toulouse.com\/wp-content\/uploads\/2024\/03\/Visuel-festival-2024-ok-950x320.png\" alt=\"\" sizes=\"100vw\" \/>\t\t\t\t\t\t\t\t\t\t\t\t\t\t\t<\/p>\n<h2>13 &#8211; 20 AVRIL<\/h2>\n<p>\t\t\t\t\t<a href=\"https:\/\/www.instagram.com\/ffct__cinecoreetlse\/\" target=\"_blank\"><br \/>\n\t\t\t\t\t\tInstagram<br \/>\n\t\t\t\t\t\t<svg viewBox=\"0 0 448 512\" xmlns=\"http:\/\/www.w3.org\/2000\/svg\"><path d=\"M224.1 141c-63.6 0-114.9 51.3-114.9 114.9s51.3 114.9 114.9 114.9S339 319.5 339 255.9 287.7 141 224.1 141zm0 189.6c-41.1 0-74.7-33.5-74.7-74.7s33.5-74.7 74.7-74.7 74.7 33.5 74.7 74.7-33.6 74.7-74.7 74.7zm146.4-194.3c0 14.9-12 26.8-26.8 26.8-14.9 0-26.8-12-26.8-26.8s12-26.8 26.8-26.8 26.8 12 26.8 26.8zm76.1 27.2c-1.7-35.9-9.9-67.7-36.2-93.9-26.2-26.2-58-34.4-93.9-36.2-37-2.1-147.9-2.1-184.9 0-35.8 1.7-67.6 9.9-93.9 36.1s-34.4 58-36.2 93.9c-2.1 37-2.1 147.9 0 184.9 1.7 35.9 9.9 67.7 36.2 93.9s58 34.4 93.9 36.2c37 2.1 147.9 2.1 184.9 0 35.9-1.7 67.7-9.9 93.9-36.2 26.2-26.2 34.4-58 36.2-93.9 2.1-37 2.1-147.8 0-184.8zM398.8 388c-7.8 19.6-22.9 34.7-42.6 42.6-29.5 11.7-99.5 9-132.1 9s-102.7 2.6-132.1-9c-19.6-7.8-34.7-22.9-42.6-42.6-11.7-29.5-9-99.5-9-132.1s-2.6-102.7 9-132.1c7.8-19.6 22.9-34.7 42.6-42.6 29.5-11.7 99.5-9 132.1-9s102.7-2.6 132.1 9c19.6 7.8 34.7 22.9 42.6 42.6 11.7 29.5 9 99.5 9 132.1s2.7 102.7-9 132.1z\"><\/path><\/svg>\t\t\t\t\t<\/a><br \/>\n\t\t\t\t\t\t\t\t\t\t\t\t\t\t\t<img decoding=\"async\" width=\"150\" height=\"150\" src=\"http:\/\/coree-a-toulouse.com\/wp-content\/uploads\/2024\/06\/logo-afct-blanc-150x150.png\" alt=\"\" sizes=\"100vw\" \/>\t\t\t\t\t\t\t\t\t\t\t\t\t\t\t<\/p>\n<h1>X<\/h1>\n<p>\t\t\t\t\t\t\t\t\t\t\t\t\t\t\t<img decoding=\"async\" width=\"950\" height=\"158\" src=\"http:\/\/coree-a-toulouse.com\/wp-content\/uploads\/2023\/10\/logo-le-cratere-1024x170.jpg\" alt=\"\" srcset=\"https:\/\/coree-a-toulouse.com\/wp-content\/uploads\/2023\/10\/logo-le-cratere-1024x170.jpg 1024w, https:\/\/coree-a-toulouse.com\/wp-content\/uploads\/2023\/10\/logo-le-cratere-300x50.jpg 300w, https:\/\/coree-a-toulouse.com\/wp-content\/uploads\/2023\/10\/logo-le-cratere-1536x255.jpg 1536w, https:\/\/coree-a-toulouse.com\/wp-content\/uploads\/2023\/10\/logo-le-cratere.jpg 1717w\" sizes=\"100vw\" \/>\t\t\t\t\t\t\t\t\t\t\t\t\t\t\t<\/p>\n<p><em><strong>Design-graphique r\u00e9alis\u00e9 par Sylvie PONOT (Affiche, Flyer, Programme)<\/strong><\/em><\/p>\n<h3>Avec l&rsquo;aide de  -&gt;<\/h3>\n<figure>\n\t\t\t\t\t\t\t\t\t\t\t<a href=\"https:\/\/www.coree-culture.org\/?lang=fr\"><br \/>\n\t\t\t\t\t\t\t<img loading=\"lazy\" decoding=\"async\" width=\"150\" height=\"150\" src=\"http:\/\/coree-a-toulouse.com\/wp-content\/uploads\/2024\/03\/314421534_5750190691704732_8877470232935332227_n-150x150.jpg\" alt=\"\" srcset=\"https:\/\/coree-a-toulouse.com\/wp-content\/uploads\/2024\/03\/314421534_5750190691704732_8877470232935332227_n-150x150.jpg 150w, https:\/\/coree-a-toulouse.com\/wp-content\/uploads\/2024\/03\/314421534_5750190691704732_8877470232935332227_n-300x300.jpg 300w, https:\/\/coree-a-toulouse.com\/wp-content\/uploads\/2024\/03\/314421534_5750190691704732_8877470232935332227_n.jpg 929w\" sizes=\"100vw\" \/>\t\t\t\t\t\t\t\t<\/a><figcaption><\/figcaption><\/figure>\n<p>\t\t\t<a href=\"http:\/\/coree-a-toulouse.com\/wp-content\/uploads\/2024\/03\/programme-festival-cine-coreen.pdf\" target=\"_blank\"><br \/>\n\t\t\t\t<svg aria-hidden=\"true\" viewBox=\"0 0 384 512\" xmlns=\"http:\/\/www.w3.org\/2000\/svg\"><path d=\"M181.9 256.1c-5-16-4.9-46.9-2-46.9 8.4 0 7.6 36.9 2 46.9zm-1.7 47.2c-7.7 20.2-17.3 43.3-28.4 62.7 18.3-7 39-17.2 62.9-21.9-12.7-9.6-24.9-23.4-34.5-40.8zM86.1 428.1c0 .8 13.2-5.4 34.9-40.2-6.7 6.3-29.1 24.5-34.9 40.2zM248 160h136v328c0 13.3-10.7 24-24 24H24c-13.3 0-24-10.7-24-24V24C0 10.7 10.7 0 24 0h200v136c0 13.2 10.8 24 24 24zm-8 171.8c-20-12.2-33.3-29-42.7-53.8 4.5-18.5 11.6-46.6 6.2-64.2-4.7-29.4-42.4-26.5-47.8-6.8-5 18.3-.4 44.1 8.1 77-11.6 27.6-28.7 64.6-40.8 85.8-.1 0-.1.1-.2.1-27.1 13.9-73.6 44.5-54.5 68 5.6 6.9 16 10 21.5 10 17.9 0 35.7-18 61.1-61.8 25.8-8.5 54.1-19.1 79-23.2 21.7 11.8 47.1 19.5 64 19.5 29.2 0 31.2-32 19.7-43.4-13.9-13.6-54.3-9.7-73.6-7.2zM377 105L279 7c-4.5-4.5-10.6-7-17-7h-6v128h128v-6.1c0-6.3-2.5-12.4-7-16.9zm-74.1 255.3c4.1-2.7-2.5-11.9-42.8-9 37.1 15.8 42.8 9 42.8 9z\"><\/path><\/svg><br \/>\n\t\t\t\t\t\tT\u00e9l\u00e9charger le Programme du Festival<br \/>\n\t\t\t\t\t<\/a><\/p>\n<p>L&rsquo;Association Franco-Cor\u00e9enne de Toulouse propose pour la seconde ann\u00e9e cons\u00e9cutive son Festival du Film Cor\u00e9en qui se d\u00e9roulera \u00e0 nouveau sur une semaine en partenariat avec le Cin\u00e9ma d&rsquo;art et d&rsquo;essai <strong>Le Crat\u00e8re<\/strong>.<\/p>\n<p>Pas moins d&rsquo;une vingtaine de films sont programm\u00e9s : animaton, documentaire, court-m\u00e9trage, film patrimonial, sorties r\u00e9centes, avant-premi\u00e8res et \u0153uvres in\u00e9dites en salles composeront cette \u00e9dition aux genres diversifi\u00e9s, depuis la com\u00e9die dramatique jusqu&rsquo;au film jeunesse en passant par le thriller m\u00e2tin\u00e9 d&rsquo;horrifique.<\/p>\n<p>Jung July, Celine Seong, Lee Chang-dong, Kim ki-duk sont autant de r\u00e9alisateurs convoqu\u00e9s pour balayer un paysage cin\u00e9matographique cor\u00e9en, pass\u00e9 et pr\u00e9sent, toujours captivant. Un focus sur la trilogie de la vengeance de Park Chan-wook ou sur le cin\u00e9ma d&rsquo;auteur de Hong Sang-soo, sans oublier une mise en lumi\u00e8re de quelques films de Kim Jee-woon viendront \u00e9mailler cette semaine de (re)d\u00e9couvertes et d&rsquo;\u00e9changes en compagnie de sp\u00e9cialistes<br \/>et de passionn\u00e9s.<\/p>\n<p>\t\t\t\t<a href=\"https:\/\/www.cinemalecratere.com\/\" tabindex=\"-1\"><br \/>\n\t\t\t\t<svg aria-hidden=\"true\" viewBox=\"0 0 512 512\" xmlns=\"http:\/\/www.w3.org\/2000\/svg\"><path d=\"M488 64h-8v20c0 6.6-5.4 12-12 12h-40c-6.6 0-12-5.4-12-12V64H96v20c0 6.6-5.4 12-12 12H44c-6.6 0-12-5.4-12-12V64h-8C10.7 64 0 74.7 0 88v336c0 13.3 10.7 24 24 24h8v-20c0-6.6 5.4-12 12-12h40c6.6 0 12 5.4 12 12v20h320v-20c0-6.6 5.4-12 12-12h40c6.6 0 12 5.4 12 12v20h8c13.3 0 24-10.7 24-24V88c0-13.3-10.7-24-24-24zM96 372c0 6.6-5.4 12-12 12H44c-6.6 0-12-5.4-12-12v-40c0-6.6 5.4-12 12-12h40c6.6 0 12 5.4 12 12v40zm0-96c0 6.6-5.4 12-12 12H44c-6.6 0-12-5.4-12-12v-40c0-6.6 5.4-12 12-12h40c6.6 0 12 5.4 12 12v40zm0-96c0 6.6-5.4 12-12 12H44c-6.6 0-12-5.4-12-12v-40c0-6.6 5.4-12 12-12h40c6.6 0 12 5.4 12 12v40zm272 208c0 6.6-5.4 12-12 12H156c-6.6 0-12-5.4-12-12v-96c0-6.6 5.4-12 12-12h200c6.6 0 12 5.4 12 12v96zm0-168c0 6.6-5.4 12-12 12H156c-6.6 0-12-5.4-12-12v-96c0-6.6 5.4-12 12-12h200c6.6 0 12 5.4 12 12v96zm112 152c0 6.6-5.4 12-12 12h-40c-6.6 0-12-5.4-12-12v-40c0-6.6 5.4-12 12-12h40c6.6 0 12 5.4 12 12v40zm0-96c0 6.6-5.4 12-12 12h-40c-6.6 0-12-5.4-12-12v-40c0-6.6 5.4-12 12-12h40c6.6 0 12 5.4 12 12v40zm0-96c0 6.6-5.4 12-12 12h-40c-6.6 0-12-5.4-12-12v-40c0-6.6 5.4-12 12-12h40c6.6 0 12 5.4 12 12v40z\"><\/path><\/svg>\t\t\t\t<\/a><\/p>\n<h5>\n\t\t\t\t\t<a href=\"https:\/\/www.cinemalecratere.com\/\" ><br \/>\n\t\t\t\t\t\tSite Web du cin\u00e9ma Le Crat\u00e8re\t\t\t\t\t<\/a><br \/>\n\t\t\t\t<\/h5>\n<p>\n\t\t\t\t\t\tR\u00e9servation en Ligne possible\t\t\t\t\t<\/p>\n<p>La Maison de quartier de Rangueil se met au diapason du Festival et organise des ateliers sur le th\u00e8me de la Cor\u00e9e: atelier de \u00a0cin\u00e9ma mais aussi de calligraphie, de cuisine, de customisation&#8230; Pour le programme complet, Visitez la <a href=\"https:\/\/www.facebook.com\/CentreCultureletSocialdeQuartierRangueil\/\"><strong>page Facebook<\/strong><\/a> de la Maison de quartier de Rangueil\u00a0<\/p>\n<h2>Cin\u00e9ma Le Crat\u00e8re<\/h2>\n<div class=\"leaflet-map WPLeafletMap\" style=\"height:250px; width:100%;\"><\/div><script>\nwindow.WPLeafletMapPlugin = window.WPLeafletMapPlugin || [];\nwindow.WPLeafletMapPlugin.push(function WPLeafletMapShortcode() {\/*<script>*\/\nvar baseUrl = atob('aHR0cHM6Ly97c30udGlsZS5vcGVuc3RyZWV0bWFwLm9yZy97en0ve3h9L3t5fS5wbmc=');\nvar base = (!baseUrl && window.MQ) ?\n    window.MQ.mapLayer() : L.tileLayer(baseUrl,\n        L.Util.extend({}, {\n            detectRetina: 0,\n        },\n        {\"subdomains\":\"abc\",\"noWrap\":false,\"maxZoom\":19}        )\n    );\n    var options = L.Util.extend({}, {\n        layers: [base],\n        attributionControl: false\n    },\n    {\"zoomControl\":true,\"scrollWheelZoom\":false,\"doubleClickZoom\":false,\"fitBounds\":false,\"minZoom\":0,\"maxZoom\":19,\"maxBounds\":null,\"attribution\":\"<a href=\\\"http:\\\/\\\/leafletjs.com\\\" title=\\\"Une biblioth\\u00e8que JS pour des cartes interactives\\\">Leaflet<\\\/a>; \\u00a9 <a href=\\\"http:\\\/\\\/www.openstreetmap.org\\\/copyright\\\">OpenStreetMap<\\\/a> contributeurs\"},\n    {});\nwindow.WPLeafletMapPlugin.createMap(options).setView([43.58927364545,1.446542039411],17);});<\/script>\n<script>\nwindow.WPLeafletMapPlugin = window.WPLeafletMapPlugin || [];\nwindow.WPLeafletMapPlugin.push(function WPLeafletMarkerShortcode() {\/*<script>*\/\nvar map = window.WPLeafletMapPlugin.getCurrentMap();\nvar group = window.WPLeafletMapPlugin.getCurrentGroup();\nvar marker_options = window.WPLeafletMapPlugin.getIconOptions({});\nvar marker = L.marker(\n    [43.588896766607,1.4458152399047],\n    marker_options\n);\nvar is_image = map.is_image_map;\nif (marker_options.draggable) {\n    marker.on('dragend', function () {\n        var latlng = this.getLatLng();\n        var lat = latlng.lat;\n        var lng = latlng.lng;\n        if (is_image) {\n            console.log('leaflet-marker y=' + lat + ' x=' + lng);\n        } else {\n            console.log('leaflet-marker lat=' + lat + ' lng=' + lng);\n        }\n    });\n}\nmarker.addTo( group );\nwindow.WPLeafletMapPlugin.markers.push( marker );\n        });<\/script>\n<p>Les s\u00e9ances auront lieux au cin\u00e9ma Le Crat\u00e8re.<\/p>\n<p>Les r\u00e9servations et achats de tarifs r\u00e9duits se feront <u>uniquement sur place<\/u>.<\/p>\n","protected":false},"excerpt":{"rendered":"<p>L&rsquo;AFCT propose pour la seconde ann\u00e9e cons\u00e9cutive son Festival du Film Cor\u00e9en qui se d\u00e9roulera en partenariat avec le Cin\u00e9ma d&rsquo;art et d&rsquo;essai Le Crat\u00e8re.<\/p>\n","protected":false},"author":2,"featured_media":874,"comment_status":"closed","ping_status":"closed","sticky":false,"template":"","format":"standard","meta":{"inline_featured_image":false,"footnotes":""},"categories":[4,8],"tags":[],"class_list":["post-872","post","type-post","status-publish","format-standard","has-post-thumbnail","hentry","category-activite-associative","category-cinema"],"_links":{"self":[{"href":"https:\/\/coree-a-toulouse.com\/index.php\/wp-json\/wp\/v2\/posts\/872","targetHints":{"allow":["GET"]}}],"collection":[{"href":"https:\/\/coree-a-toulouse.com\/index.php\/wp-json\/wp\/v2\/posts"}],"about":[{"href":"https:\/\/coree-a-toulouse.com\/index.php\/wp-json\/wp\/v2\/types\/post"}],"author":[{"embeddable":true,"href":"https:\/\/coree-a-toulouse.com\/index.php\/wp-json\/wp\/v2\/users\/2"}],"replies":[{"embeddable":true,"href":"https:\/\/coree-a-toulouse.com\/index.php\/wp-json\/wp\/v2\/comments?post=872"}],"version-history":[{"count":108,"href":"https:\/\/coree-a-toulouse.com\/index.php\/wp-json\/wp\/v2\/posts\/872\/revisions"}],"predecessor-version":[{"id":1322,"href":"https:\/\/coree-a-toulouse.com\/index.php\/wp-json\/wp\/v2\/posts\/872\/revisions\/1322"}],"wp:featuredmedia":[{"embeddable":true,"href":"https:\/\/coree-a-toulouse.com\/index.php\/wp-json\/wp\/v2\/media\/874"}],"wp:attachment":[{"href":"https:\/\/coree-a-toulouse.com\/index.php\/wp-json\/wp\/v2\/media?parent=872"}],"wp:term":[{"taxonomy":"category","embeddable":true,"href":"https:\/\/coree-a-toulouse.com\/index.php\/wp-json\/wp\/v2\/categories?post=872"},{"taxonomy":"post_tag","embeddable":true,"href":"https:\/\/coree-a-toulouse.com\/index.php\/wp-json\/wp\/v2\/tags?post=872"}],"curies":[{"name":"wp","href":"https:\/\/api.w.org\/{rel}","templated":true}]}}