{"id":1866,"date":"2026-09-03T19:34:35","date_gmt":"2026-09-03T17:34:35","guid":{"rendered":"https:\/\/coree-a-toulouse.com\/?p=1866"},"modified":"2026-09-03T20:15:52","modified_gmt":"2026-09-03T18:15:52","slug":"ateliers-de-calligraphie-2026-2027","status":"publish","type":"post","link":"https:\/\/coree-a-toulouse.com\/index.php\/2026\/09\/03\/ateliers-de-calligraphie-2026-2027\/","title":{"rendered":"ATELIERS DE CALLIGRAPHIE 2026-2027"},"content":{"rendered":"\t\t<div data-elementor-type=\"wp-post\" data-elementor-id=\"1866\" class=\"elementor elementor-1866\">\n\t\t\t\t<div class=\"elementor-element elementor-element-6505816 e-flex e-con-boxed e-con e-parent\" data-id=\"6505816\" data-element_type=\"container\">\n\t\t\t\t\t<div class=\"e-con-inner\">\n\t\t\t\t<div class=\"elementor-element elementor-element-3232fca elementor-widget elementor-widget-heading\" data-id=\"3232fca\" data-element_type=\"widget\" data-widget_type=\"heading.default\">\n\t\t\t\t<div class=\"elementor-widget-container\">\n\t\t\t\t\t<h2 class=\"elementor-heading-title elementor-size-default\">Anim\u00e9s par Estelle SO - Calligraphie cor\u00e9enne\n \u00b7 Minhwa  \u00b7 Dancheong \u00b7 Peinture \u00e0 l\u2019encre\n<\/h2>\t\t\t\t<\/div>\n\t\t\t\t<\/div>\n\t\t\t\t<div class=\"elementor-element elementor-element-2501319 elementor-widget elementor-widget-text-editor\" data-id=\"2501319\" data-element_type=\"widget\" data-widget_type=\"text-editor.default\">\n\t\t\t\t<div class=\"elementor-widget-container\">\n\t\t\t\t\t\t\t\t\t<p><span style=\"font-weight: 400;\">Cinq rendez-vous au fil des saisons, de la rentr\u00e9e \u00e0 l\u2019\u00e9t\u00e9, pour d\u00e9couvrir l\u2019esth\u00e9tique cor\u00e9enne \u00e0 travers des objets \u00e0 cr\u00e9er, utiliser et offrir. Trois ateliers mettent \u00e0 l\u2019honneur la calligraphie cor\u00e9enne au pinceau traditionnel, tandis que deux permettent de d\u00e9couvrir le feutre-pinceau.<\/span><\/p><p><i><span style=\"font-weight: 400;\">Conseil pratique : afin d\u2019\u00e9viter les taches, il est recommand\u00e9 d\u2019apporter un tablier ou de porter des v\u00eatements adapt\u00e9s aux activit\u00e9s de peinture et de calligraphie.<\/span><\/i><\/p>\t\t\t\t\t\t\t\t<\/div>\n\t\t\t\t<\/div>\n\t\t\t\t<div class=\"elementor-element elementor-element-0643c74 elementor-widget elementor-widget-text-editor\" data-id=\"0643c74\" data-element_type=\"widget\" data-widget_type=\"text-editor.default\">\n\t\t\t\t<div class=\"elementor-widget-container\">\n\t\t\t\t\t\t\t\t\t<ul><li><strong>Les ateliers se d\u00e9rouleront \u00e0 la Maison des association, Place Guy Hersant \u00e0 Toulouse<\/strong><\/li><\/ul><div><div class=\"leaflet-map WPLeafletMap\" style=\"height:250px; width:100%;\"><\/div><script>\nwindow.WPLeafletMapPlugin = window.WPLeafletMapPlugin || [];\nwindow.WPLeafletMapPlugin.push(function WPLeafletMapShortcode() {\/*<script>*\/\nvar baseUrl = atob('aHR0cHM6Ly97c30udGlsZS5vcGVuc3RyZWV0bWFwLm9yZy97en0ve3h9L3t5fS5wbmc=');\nvar base = (!baseUrl && window.MQ) ?\n    window.MQ.mapLayer() : L.tileLayer(baseUrl,\n        L.Util.extend({}, {\n            detectRetina: 0,\n        },\n        {\"subdomains\":\"abc\",\"noWrap\":false,\"maxZoom\":19}        )\n    );\n    var options = L.Util.extend({}, {\n        layers: [base],\n        attributionControl: false\n    },\n    {\"zoomControl\":true,\"scrollWheelZoom\":false,\"doubleClickZoom\":false,\"fitBounds\":false,\"minZoom\":0,\"maxZoom\":19,\"maxBounds\":null,\"attribution\":\"<a href=\\\"http:\\\/\\\/leafletjs.com\\\" title=\\\"Une biblioth\\u00e8que JS pour des cartes interactives\\\">Leaflet<\\\/a>; \\u00a9 <a href=\\\"http:\\\/\\\/www.openstreetmap.org\\\/copyright\\\">OpenStreetMap<\\\/a> contributeurs\"},\n    {});\nwindow.WPLeafletMapPlugin.createMap(options).setView([43.578199051643,1.445517539978],16);});<\/script><\/div><ul><li><strong>Les inscriptions se feront par HelloAsso; les billetteries seront ouvertes avant chaque atelier.<\/strong><\/li><\/ul>\t\t\t\t\t\t\t\t<\/div>\n\t\t\t\t<\/div>\n\t\t\t\t<div class=\"elementor-element elementor-element-e4b9df2 elementor-widget elementor-widget-text-editor\" data-id=\"e4b9df2\" data-element_type=\"widget\" data-widget_type=\"text-editor.default\">\n\t\t\t\t<div class=\"elementor-widget-container\">\n\t\t\t\t\t\t\t\t\t<p>\u00a0<\/p><p><span style=\"text-decoration: underline;\"><b>CALENDRIER EN UN COUP D\u2019\u0152IL<\/b><\/span><\/p><table><tbody><tr><td><p><span style=\"text-decoration: underline;\"><b>Date<\/b><\/span><\/p><\/td><td><p><span style=\"text-decoration: underline;\"><b>Cr\u00e9ation<\/b><\/span><\/p><\/td><td><p><span style=\"text-decoration: underline;\"><b>Dur\u00e9e<\/b><\/span><\/p><\/td><td><p>\u00a0<\/p><\/td><\/tr><tr><td><p><span style=\"font-weight: 400;\">26\/09\/2026<\/span><\/p><\/td><td><p><span style=\"font-weight: 400;\">Tote bag \u00b7 calligraphie cor\u00e9enne (pinceau traditionnel) \u00b7 peinture textile<\/span><\/p><\/td><td><p><span style=\"font-weight: 400;\">2h30<\/span><\/p><\/td><td><p>\u00a0<\/p><\/td><\/tr><tr><td><p><span style=\"font-weight: 400;\">28\/11\/2026<\/span><\/p><\/td><td><p><span style=\"font-weight: 400;\">4 dessous de verre \u00b7 calligraphie cor\u00e9enne (feutre-pinceau) \u00b7 dancheong<\/span><\/p><\/td><td><p><span style=\"font-weight: 400;\">2h30<\/span><\/p><\/td><td><p>\u00a0<\/p><\/td><\/tr><tr><td><p><span style=\"font-weight: 400;\">30\/01\/2027<\/span><\/p><\/td><td><p><span style=\"font-weight: 400;\">Rouleau Ipchun Daegil \u00b7 calligraphie cor\u00e9enne (pinceau traditionnel)<\/span><\/p><\/td><td><p><span style=\"font-weight: 400;\">2h<\/span><\/p><\/td><td><p>\u00a0<\/p><\/td><\/tr><tr><td><p><span style=\"font-weight: 400;\">27\/03\/2027<\/span><\/p><\/td><td><p><span style=\"font-weight: 400;\">Plateau en bois \u00b7 calligraphie cor\u00e9enne (feutre-pinceau) \u00b7 Minhwa<\/span><\/p><\/td><td><p><span style=\"font-weight: 400;\">2h30<\/span><\/p><\/td><td><p>\u00a0<\/p><\/td><\/tr><tr><td><p><span style=\"font-weight: 400;\">29\/05\/2027<\/span><\/p><\/td><td><p><span style=\"font-weight: 400;\">\u00c9ventail pliant \u00b7 calligraphie cor\u00e9enne (pinceau traditionnel) \u00b7 encre<\/span><\/p><\/td><td><p><span style=\"font-weight: 400;\">2h<\/span><\/p><\/td><td><p>\u00a0<\/p><\/td><\/tr><\/tbody><\/table>\t\t\t\t\t\t\t\t<\/div>\n\t\t\t\t<\/div>\n\t\t\t\t<div class=\"elementor-element elementor-element-78a7f78 elementor-widget elementor-widget-image\" data-id=\"78a7f78\" data-element_type=\"widget\" data-widget_type=\"image.default\">\n\t\t\t\t<div class=\"elementor-widget-container\">\n\t\t\t\t\t\t\t\t\t\t\t\t\t\t\t<img fetchpriority=\"high\" decoding=\"async\" width=\"950\" height=\"585\" src=\"https:\/\/coree-a-toulouse.com\/wp-content\/uploads\/2026\/09\/20260903_181905-1024x631.jpg\" class=\"attachment-large size-large wp-image-1875\" alt=\"\" srcset=\"https:\/\/coree-a-toulouse.com\/wp-content\/uploads\/2026\/09\/20260903_181905-1024x631.jpg 1024w, https:\/\/coree-a-toulouse.com\/wp-content\/uploads\/2026\/09\/20260903_181905-300x185.jpg 300w, https:\/\/coree-a-toulouse.com\/wp-content\/uploads\/2026\/09\/20260903_181905-1536x947.jpg 1536w, https:\/\/coree-a-toulouse.com\/wp-content\/uploads\/2026\/09\/20260903_181905.jpg 1599w\" sizes=\"100vw\" \/>\t\t\t\t\t\t\t\t\t\t\t\t\t\t\t<\/div>\n\t\t\t\t<\/div>\n\t\t\t\t<div class=\"elementor-element elementor-element-93f59bb elementor-widget elementor-widget-text-editor\" data-id=\"93f59bb\" data-element_type=\"widget\" data-widget_type=\"text-editor.default\">\n\t\t\t\t<div class=\"elementor-widget-container\">\n\t\t\t\t\t\t\t\t\t<p>Pour toute question concernant ces ateliers : <b><a href=\"mailto:estelleso.art@gmail.com\" target=\"_blank\" rel=\"noopener\">estelleso.art@gmail.com<\/a><\/b><\/p>\t\t\t\t\t\t\t\t<\/div>\n\t\t\t\t<\/div>\n\t\t\t\t\t<\/div>\n\t\t\t\t<\/div>\n\t\t\t\t<\/div>\n\t\t","protected":false},"excerpt":{"rendered":"<p>Anim\u00e9s par Estelle SO &#8211; Calligraphie cor\u00e9enne \u00b7 Minhwa \u00b7 Dancheong \u00b7 Peinture \u00e0 l\u2019encre Cinq rendez-vous au fil des saisons, de la rentr\u00e9e \u00e0 l\u2019\u00e9t\u00e9, pour d\u00e9couvrir l\u2019esth\u00e9tique cor\u00e9enne \u00e0 travers des objets \u00e0 cr\u00e9er, utiliser et offrir. Trois ateliers mettent \u00e0 l\u2019honneur la calligraphie cor\u00e9enne au pinceau traditionnel, tandis que deux permettent de &hellip; <\/p>\n<p class=\"link-more\"><a href=\"https:\/\/coree-a-toulouse.com\/index.php\/2026\/09\/03\/ateliers-de-calligraphie-2026-2027\/\" class=\"more-link\">Lire la suite de<span class=\"screen-reader-text\">\u00ab\u00a0ATELIERS DE CALLIGRAPHIE 2026-2027\u00a0\u00bb<\/span><\/a><\/p>\n","protected":false},"author":3,"featured_media":0,"comment_status":"closed","ping_status":"open","sticky":false,"template":"","format":"standard","meta":{"inline_featured_image":false,"footnotes":""},"categories":[4,7],"tags":[],"class_list":["post-1866","post","type-post","status-publish","format-standard","hentry","category-activite-associative","category-calligraphie"],"_links":{"self":[{"href":"https:\/\/coree-a-toulouse.com\/index.php\/wp-json\/wp\/v2\/posts\/1866","targetHints":{"allow":["GET"]}}],"collection":[{"href":"https:\/\/coree-a-toulouse.com\/index.php\/wp-json\/wp\/v2\/posts"}],"about":[{"href":"https:\/\/coree-a-toulouse.com\/index.php\/wp-json\/wp\/v2\/types\/post"}],"author":[{"embeddable":true,"href":"https:\/\/coree-a-toulouse.com\/index.php\/wp-json\/wp\/v2\/users\/3"}],"replies":[{"embeddable":true,"href":"https:\/\/coree-a-toulouse.com\/index.php\/wp-json\/wp\/v2\/comments?post=1866"}],"version-history":[{"count":22,"href":"https:\/\/coree-a-toulouse.com\/index.php\/wp-json\/wp\/v2\/posts\/1866\/revisions"}],"predecessor-version":[{"id":1897,"href":"https:\/\/coree-a-toulouse.com\/index.php\/wp-json\/wp\/v2\/posts\/1866\/revisions\/1897"}],"wp:attachment":[{"href":"https:\/\/coree-a-toulouse.com\/index.php\/wp-json\/wp\/v2\/media?parent=1866"}],"wp:term":[{"taxonomy":"category","embeddable":true,"href":"https:\/\/coree-a-toulouse.com\/index.php\/wp-json\/wp\/v2\/categories?post=1866"},{"taxonomy":"post_tag","embeddable":true,"href":"https:\/\/coree-a-toulouse.com\/index.php\/wp-json\/wp\/v2\/tags?post=1866"}],"curies":[{"name":"wp","href":"https:\/\/api.w.org\/{rel}","templated":true}]}}