{"id":1585,"date":"2025-10-05T21:57:00","date_gmt":"2025-10-05T19:57:00","guid":{"rendered":"https:\/\/coree-a-toulouse.com\/?p=1585"},"modified":"2025-10-10T18:09:43","modified_gmt":"2025-10-10T16:09:43","slug":"soiree-rencontre-du-cinema-coreen","status":"publish","type":"post","link":"http:\/\/coree-a-toulouse.com\/index.php\/2025\/10\/05\/soiree-rencontre-du-cinema-coreen\/","title":{"rendered":"Soir\u00e9e Rencontre du Cin\u00e9ma Cor\u00e9en"},"content":{"rendered":"\t\t<div data-elementor-type=\"wp-post\" data-elementor-id=\"1585\" class=\"elementor elementor-1585\">\n\t\t\t\t<div class=\"elementor-element elementor-element-94b51ac e-flex e-con-boxed e-con e-parent\" data-id=\"94b51ac\" data-element_type=\"container\">\n\t\t\t\t\t<div class=\"e-con-inner\">\n\t\t\t\t<div class=\"elementor-element elementor-element-f892988 elementor-widget elementor-widget-heading\" data-id=\"f892988\" data-element_type=\"widget\" data-widget_type=\"heading.default\">\n\t\t\t\t<div class=\"elementor-widget-container\">\n\t\t\t\t\t<h2 class=\"elementor-heading-title elementor-size-default\">Soir\u00e9e Rencontre du Cin\u00e9ma Cor\u00e9en autour d'un classique de l'apr\u00e8s-guerre in\u00e9dit en salles. \nRejoignez-nous au cin\u00e9ma Le Crat\u00e8re pour cette occasion unique le dimanche 19 octobre \u00e0 18h.<\/h2>\t\t\t\t<\/div>\n\t\t\t\t<\/div>\n\t\t\t\t\t<\/div>\n\t\t\t\t<\/div>\n\t\t<div class=\"elementor-element elementor-element-cdc022d e-flex e-con-boxed e-con e-parent\" data-id=\"cdc022d\" data-element_type=\"container\">\n\t\t\t\t\t<div class=\"e-con-inner\">\n\t\t\t\t<div class=\"elementor-element elementor-element-9a3cf23 elementor-widget elementor-widget-text-editor\" data-id=\"9a3cf23\" data-element_type=\"widget\" data-widget_type=\"text-editor.default\">\n\t\t\t\t<div class=\"elementor-widget-container\">\n\t\t\t\t\t\t\t\t\t<div id=\":17h\" class=\"ii gt\"><div id=\":17g\" class=\"a3s aiL \"><div dir=\"ltr\"><div>L&rsquo;<b>Association Franco-Cor\u00e9enne de Toulouse<\/b>\u00a0et la\u00a0<b>Korean French Art Connection<\/b>\u00a0s&rsquo;associent pour pr\u00e9senter une soir\u00e9e\u00a0<b>Rencontre du Cin\u00e9ma Cor\u00e9en<\/b>\u00a0autour d&rsquo;un classique de l&rsquo;apr\u00e8s-guerre in\u00e9dit en salles.\u00a0<\/div><div>R\u00e9alis\u00e9 par Shin Sang-ok\u00a0en 1958,\u00a0<i>Une fleur en enfer<\/i>\u00a0se situe \u00e0 la crois\u00e9e du film noir, du drame social et du m\u00e9lodrame et dresse le portrait sans complaisance d&rsquo;un pays encore ab\u00eem\u00e9 par la guerre. Dans un noir et blanc proche du n\u00e9o-r\u00e9alisme, on y assiste aux retrouvailles de deux fr\u00e8res au sein d&rsquo;une petite soci\u00e9t\u00e9 de laiss\u00e9s-pour-compte qui gravitent autour d&rsquo;une base militaire am\u00e9ricaine.\u00a0<\/div><div>Le\u00a0<b>r\u00e9alisateur et sp\u00e9cialiste du cin\u00e9ma cor\u00e9en Kang Chang-il<\/b>\u00a0viendra \u00e9changer avec le public apr\u00e8s la projection de ce film issu de la Korean Film Archive. \u00a0<\/div><div><b>\u00a0<\/b><\/div><div><b>Tarif adh\u00e9rents 5\u20ac<\/b><\/div><div><b>Le Crat\u00e8re <\/b><b>95 Grande rue Saint Michel 31000 Toulouse<\/b><\/div><\/div><\/div><\/div>\t\t\t\t\t\t\t\t<\/div>\n\t\t\t\t<\/div>\n\t\t\t\t\t<\/div>\n\t\t\t\t<\/div>\n\t\t<div class=\"elementor-element elementor-element-2dbb187 e-flex e-con-boxed e-con e-parent\" data-id=\"2dbb187\" data-element_type=\"container\">\n\t\t\t\t\t<div class=\"e-con-inner\">\n\t\t\t\t<div class=\"elementor-element elementor-element-af1f171 elementor-widget elementor-widget-text-editor\" data-id=\"af1f171\" data-element_type=\"widget\" data-widget_type=\"text-editor.default\">\n\t\t\t\t<div class=\"elementor-widget-container\">\n\t\t\t\t\t\t\t\t\t<div class=\"leaflet-map WPLeafletMap\" style=\"height:250px; width:100%;\"><\/div><script>\nwindow.WPLeafletMapPlugin = window.WPLeafletMapPlugin || [];\nwindow.WPLeafletMapPlugin.push(function WPLeafletMapShortcode() {\/*<script>*\/\nvar baseUrl = atob('aHR0cHM6Ly97c30udGlsZS5vcGVuc3RyZWV0bWFwLm9yZy97en0ve3h9L3t5fS5wbmc=');\nvar base = (!baseUrl && window.MQ) ?\n    window.MQ.mapLayer() : L.tileLayer(baseUrl,\n        L.Util.extend({}, {\n            detectRetina: 0,\n        },\n        {\"subdomains\":\"abc\",\"noWrap\":false,\"maxZoom\":19}        )\n    );\n    var options = L.Util.extend({}, {\n        layers: [base],\n        attributionControl: false\n    },\n    {\"zoomControl\":true,\"scrollWheelZoom\":false,\"doubleClickZoom\":false,\"fitBounds\":false,\"minZoom\":0,\"maxZoom\":19,\"maxBounds\":null,\"attribution\":\"<a href=\\\"http:\\\/\\\/leafletjs.com\\\" title=\\\"Une biblioth\\u00e8que JS pour des cartes interactives\\\">Leaflet<\\\/a>; \\u00a9 <a href=\\\"http:\\\/\\\/www.openstreetmap.org\\\/copyright\\\">OpenStreetMap<\\\/a> contributeurs\"},\n    {});\nwindow.WPLeafletMapPlugin.createMap(options).setView([43.58927364545,1.446542039411],17);});<\/script><div class=\"leaflet-map WPLeafletMap\" style=\"height:250px; width:100%;\"><\/div><script>\nwindow.WPLeafletMapPlugin = window.WPLeafletMapPlugin || [];\nwindow.WPLeafletMapPlugin.push(function WPLeafletMapShortcode() {\/*<script>*\/\nvar baseUrl = atob('aHR0cHM6Ly97c30udGlsZS5vcGVuc3RyZWV0bWFwLm9yZy97en0ve3h9L3t5fS5wbmc=');\nvar base = (!baseUrl && window.MQ) ?\n    window.MQ.mapLayer() : L.tileLayer(baseUrl,\n        L.Util.extend({}, {\n            detectRetina: 0,\n        },\n        {\"subdomains\":\"abc\",\"noWrap\":false,\"maxZoom\":19}        )\n    );\n    var options = L.Util.extend({}, {\n        layers: [base],\n        attributionControl: false\n    },\n    {\"zoomControl\":true,\"scrollWheelZoom\":false,\"doubleClickZoom\":false,\"fitBounds\":false,\"minZoom\":0,\"maxZoom\":19,\"maxBounds\":null,\"attribution\":\"<a href=\\\"http:\\\/\\\/leafletjs.com\\\" title=\\\"Une biblioth\\u00e8que JS pour des cartes interactives\\\">Leaflet<\\\/a>; \\u00a9 <a href=\\\"http:\\\/\\\/www.openstreetmap.org\\\/copyright\\\">OpenStreetMap<\\\/a> contributeurs\"},\n    {});\nwindow.WPLeafletMapPlugin.createMap(options).setView([43.58927364545,1.446542039411],17);});<\/script>\t\t\t\t\t\t\t\t<\/div>\n\t\t\t\t<\/div>\n\t\t\t\t\t<\/div>\n\t\t\t\t<\/div>\n\t\t<div class=\"elementor-element elementor-element-c279686 e-grid e-con-boxed e-con e-parent\" data-id=\"c279686\" data-element_type=\"container\">\n\t\t\t\t\t<div class=\"e-con-inner\">\n\t\t\t\t<div class=\"elementor-element elementor-element-4ebfd67 elementor-position-top elementor-widget elementor-widget-image-box\" data-id=\"4ebfd67\" data-element_type=\"widget\" data-widget_type=\"image-box.default\">\n\t\t\t\t<div class=\"elementor-widget-container\">\n\t\t\t\t\t<div class=\"elementor-image-box-wrapper\"><figure class=\"elementor-image-box-img\"><img fetchpriority=\"high\" decoding=\"async\" width=\"1717\" height=\"285\" src=\"http:\/\/coree-a-toulouse.com\/wp-content\/uploads\/2023\/10\/logo-le-cratere.jpg\" class=\"attachment-full size-full wp-image-457\" alt=\"\" srcset=\"http:\/\/coree-a-toulouse.com\/wp-content\/uploads\/2023\/10\/logo-le-cratere.jpg 1717w, http:\/\/coree-a-toulouse.com\/wp-content\/uploads\/2023\/10\/logo-le-cratere-300x50.jpg 300w, http:\/\/coree-a-toulouse.com\/wp-content\/uploads\/2023\/10\/logo-le-cratere-1024x170.jpg 1024w, http:\/\/coree-a-toulouse.com\/wp-content\/uploads\/2023\/10\/logo-le-cratere-1536x255.jpg 1536w, http:\/\/coree-a-toulouse.com\/wp-content\/uploads\/2023\/10\/elementor\/thumbs\/logo-le-cratere-150x150.jpg 1w\" sizes=\"(max-width: 1717px) 100vw, 1717px\" \/><\/figure><\/div>\t\t\t\t<\/div>\n\t\t\t\t<\/div>\n\t\t\t\t<div class=\"elementor-element elementor-element-f3056d0 elementor-position-top elementor-widget elementor-widget-image-box\" data-id=\"f3056d0\" data-element_type=\"widget\" data-widget_type=\"image-box.default\">\n\t\t\t\t<div class=\"elementor-widget-container\">\n\t\t\t\t\t<div class=\"elementor-image-box-wrapper\"><figure class=\"elementor-image-box-img\"><img decoding=\"async\" width=\"787\" height=\"710\" src=\"http:\/\/coree-a-toulouse.com\/wp-content\/uploads\/2025\/10\/original_6d52822f-1502-4643-919b-cd2407187f26_Screenshot_20251005_091542_Gmail.jpg\" class=\"attachment-full size-full wp-image-1578\" alt=\"\" srcset=\"http:\/\/coree-a-toulouse.com\/wp-content\/uploads\/2025\/10\/original_6d52822f-1502-4643-919b-cd2407187f26_Screenshot_20251005_091542_Gmail.jpg 787w, http:\/\/coree-a-toulouse.com\/wp-content\/uploads\/2025\/10\/original_6d52822f-1502-4643-919b-cd2407187f26_Screenshot_20251005_091542_Gmail-300x271.jpg 300w\" sizes=\"(max-width: 787px) 100vw, 787px\" \/><\/figure><\/div>\t\t\t\t<\/div>\n\t\t\t\t<\/div>\n\t\t\t\t\t<\/div>\n\t\t\t\t<\/div>\n\t\t\t\t<\/div>\n\t\t","protected":false},"excerpt":{"rendered":"<p>Soir\u00e9e Rencontre du Cin\u00e9ma Cor\u00e9en autour d&rsquo;un classique de l&rsquo;apr\u00e8s-guerre in\u00e9dit en salles. Rejoignez-nous au cin\u00e9ma Le Crat\u00e8re pour cette occasion unique le dimanche 19 octobre \u00e0 18h. L&rsquo;Association Franco-Cor\u00e9enne de Toulouse\u00a0et la\u00a0Korean French Art Connection\u00a0s&rsquo;associent pour pr\u00e9senter une soir\u00e9e\u00a0Rencontre du Cin\u00e9ma Cor\u00e9en\u00a0autour d&rsquo;un classique de l&rsquo;apr\u00e8s-guerre in\u00e9dit en salles.\u00a0R\u00e9alis\u00e9 par Shin Sang-ok\u00a0en 1958,\u00a0Une fleur &hellip; <\/p>\n<p class=\"link-more\"><a href=\"http:\/\/coree-a-toulouse.com\/index.php\/2025\/10\/05\/soiree-rencontre-du-cinema-coreen\/\" class=\"more-link\">Lire la suite de<span class=\"screen-reader-text\">\u00ab\u00a0Soir\u00e9e Rencontre du Cin\u00e9ma Cor\u00e9en\u00a0\u00bb<\/span><\/a><\/p>\n","protected":false},"author":3,"featured_media":1557,"comment_status":"closed","ping_status":"open","sticky":false,"template":"","format":"standard","meta":{"inline_featured_image":false,"footnotes":""},"categories":[4,8],"tags":[],"class_list":["post-1585","post","type-post","status-publish","format-standard","has-post-thumbnail","hentry","category-activite-associative","category-cinema"],"_links":{"self":[{"href":"http:\/\/coree-a-toulouse.com\/index.php\/wp-json\/wp\/v2\/posts\/1585","targetHints":{"allow":["GET"]}}],"collection":[{"href":"http:\/\/coree-a-toulouse.com\/index.php\/wp-json\/wp\/v2\/posts"}],"about":[{"href":"http:\/\/coree-a-toulouse.com\/index.php\/wp-json\/wp\/v2\/types\/post"}],"author":[{"embeddable":true,"href":"http:\/\/coree-a-toulouse.com\/index.php\/wp-json\/wp\/v2\/users\/3"}],"replies":[{"embeddable":true,"href":"http:\/\/coree-a-toulouse.com\/index.php\/wp-json\/wp\/v2\/comments?post=1585"}],"version-history":[{"count":24,"href":"http:\/\/coree-a-toulouse.com\/index.php\/wp-json\/wp\/v2\/posts\/1585\/revisions"}],"predecessor-version":[{"id":1620,"href":"http:\/\/coree-a-toulouse.com\/index.php\/wp-json\/wp\/v2\/posts\/1585\/revisions\/1620"}],"wp:featuredmedia":[{"embeddable":true,"href":"http:\/\/coree-a-toulouse.com\/index.php\/wp-json\/wp\/v2\/media\/1557"}],"wp:attachment":[{"href":"http:\/\/coree-a-toulouse.com\/index.php\/wp-json\/wp\/v2\/media?parent=1585"}],"wp:term":[{"taxonomy":"category","embeddable":true,"href":"http:\/\/coree-a-toulouse.com\/index.php\/wp-json\/wp\/v2\/categories?post=1585"},{"taxonomy":"post_tag","embeddable":true,"href":"http:\/\/coree-a-toulouse.com\/index.php\/wp-json\/wp\/v2\/tags?post=1585"}],"curies":[{"name":"wp","href":"https:\/\/api.w.org\/{rel}","templated":true}]}}